{"id":82,"date":"2010-07-21T16:00:24","date_gmt":"2010-07-21T15:00:24","guid":{"rendered":"http:\/\/canaltic.com\/blog\/?p=82"},"modified":"2017-06-05T16:27:29","modified_gmt":"2017-06-05T15:27:29","slug":"memoria-20","status":"publish","type":"post","link":"https:\/\/canaltic.com\/blog\/?p=82","title":{"rendered":"Memoria 2.0"},"content":{"rendered":"<p>Al finalizar este curso acad\u00e9mico 2009-2010 se hace necesario echar la vista atr\u00e1s y repasar los detalles de lo que ha sido la puesta en pr\u00e1ctica durante este curso del proyecto piloto Escuela 2.0 en el <a href=\"http:\/\/cpevaristovalle.com\" target=\"_blank\">Colegio de Educaci\u00f3n Primaria \u00abEvaristo Valle\u00bb de Gij\u00f3n (Asturias)<\/a>. Es el centro donde trabajo como tutor de un grupo de 5\u00ba y como coordinador TIC. Desde septiembre de 2009 cada alumno y profesor de este nivel han dispuesto de un miniport\u00e1til personal y en este art\u00edculo paso a comentar lo que supuesto esta experiencia a lo largo de este curso acad\u00e9mico.<\/p>\n<p><img loading=\"lazy\" decoding=\"async\" class=\"alignnone size-full wp-image-83\" title=\"memo1\" src=\"http:\/\/canaltic.com\/blog\/wp-content\/uploads\/2010\/07\/memo1.jpg\" alt=\"\" width=\"400\" height=\"180\" srcset=\"https:\/\/canaltic.com\/blog\/wp-content\/uploads\/2010\/07\/memo1.jpg 400w, https:\/\/canaltic.com\/blog\/wp-content\/uploads\/2010\/07\/memo1-300x135.jpg 300w\" sizes=\"auto, (max-width: 400px) 100vw, 400px\" \/><\/p>\n<p><strong>\u00bfC\u00f3mo empez\u00f3 todo?<\/strong><br \/>\nEn Mayo de 2009 el presidente Zapatero nos sorprende con el anuncio de que todos los alumnos\/as de 5\u00ba nivel de Educaci\u00f3n Primaria dispondr\u00e1n de un ordenador. Estas declaraciones encienden toda una oleada de reacciones. Por un lado la de aquellos que desde su puesto de responsabilidad institucional deben darle forma concreta al programa y por otro lado quienes cuestionan sus aspectos no exentos de pol\u00e9mica y discusi\u00f3n. En medio de este ambiente y conocedores de los plazos de actuaci\u00f3n que caracterizan a las instituciones, desde el colegio se elabora y presenta en la Consejer\u00eda de Educaci\u00f3n un proyecto piloto de este programa para el curso 2009-2010. De esta forma se pretend\u00eda disponer de los equipos e infraestructuras necesarias para comenzar a principios de curso. Los ineludibles plazos de la administraci\u00f3n en la contrataci\u00f3n, log\u00edstica y distribuci\u00f3n suger\u00edan, como de hecho el tiempo confirm\u00f3, que no se dispondr\u00eda de todos los equipos en los centros antes de mayo-junio de 2010.<\/p>\n<p><strong>\u00bfPor qu\u00e9 nos planteamos este piloto?<\/strong><br \/>\nCon este proyecto piloto se pretend\u00eda anticipar la experimentaci\u00f3n de aula con independencia de los plazos generales de implantaci\u00f3n posterior. La motivaci\u00f3n para asumir este reto radic\u00f3 en el convencimiento por parte de todos los profesores\/as del colegio de la importancia de las TIC en la educaci\u00f3n. Tambi\u00e9n porque llevabamos tiempo tratando de superar ese l\u00edmite de uso de las TIC de 4 horas semanales por parte de cada alumno. Somos un centro con dos grupos por nivel y dos aulas de ordenadores donde todos los grupos y niveles utilizan estos medios con frecuencia.<\/p>\n<p><strong>Antecedentes del proyecto<\/strong><br \/>\nNuestro centro siempre ha sido pionero en las iniciativas institucionales relacionadas con las TIC. Dispone de la figura de coordinador TIC desde el curso 1999-2000, de un Aula Modelo (2003), conexi\u00f3n ADSL corporativa a Internet (2003), dotaci\u00f3n de port\u00e1tiles y proyectores (2005), cobertura WIFI (2005-2009), tabletsPC y Pizarra Digital (2005). Su sitio web (<a href=\"http:\/\/cpevaristovalle.com\" target=\"_blank\">http:\/\/cpevaristovalle.com<\/a>) ha sido referenciado en m\u00faltiples ocasiones en espacios web educativos, hemos recibido visitas de estudio de compa\u00f1eros\/as interesados en su proyecto TIC y algunas experiencias han sido expuestas en congresos, revistas y jornadas de profesores. Todas estas actuaciones han contribuido a adquirir una formaci\u00f3n previa del alumnado y profesorado facilitando el desarrollo de esta experiencia.<\/p>\n<p><strong>\u00bfQu\u00e9 valor a\u00f1adido tiene el programa Escuela 2.0?<\/strong><br \/>\nLa pr\u00e1ctica ha demostrado que, gracias a la asignaci\u00f3n de un ordenador personal a cada alumno\/a, se puede afrontar una inmersi\u00f3n tecnol\u00f3gica m\u00e1s ambiciosa superando ampliamente ese l\u00edmite de 4 horas semanales de uso de las TIC por parte de cada alumno\/a. La posibilidad de llevarse el ordenador para casa ha facilitado la proyecci\u00f3n educativa fuera del horario y \u00e1mbito escolares contribuyendo a combatir la brecha digital en aquellos alumnos que no dispon\u00edan de ordenador en sus hogares (m\u00e1s del 20% en nuestro caso).<\/p>\n<p><strong>El reto de un proyecto piloto<\/strong><br \/>\nLa concesi\u00f3n del proyecto al centro por parte de la Consejer\u00eda consisti\u00f3 en una dotaci\u00f3n econ\u00f3mica para afrontar la adquisici\u00f3n de los notebooks y las dos pizarras digitales. El resto de gastos se sufrag\u00f3 con presupuestos propios del colegio en virtud del compromiso manifiesto que el centro tiene en el uso educativo de las TIC. Respetando los principios definidos a nivel institucional en el programa Escuela 2.0, la toma de decisiones sobre los multiples aspectos no escritos y que iban surgiendo se tomaron desde el centro. Todo un desafio en solitario que asum\u00edamos con entusiasmo.<\/p>\n<p><strong>La pizarra digital<\/strong><br \/>\nSe instalaron sendas pizarras digitales interactivas en las aulas de 5\u00ba de Primaria. Con ello sustitu\u00edamos la pizarra digital improvisada con el mando de Wii que hab\u00edamos utilizado con \u00e9xito en cursos anteriores. Como no dispon\u00edamos de pared frontal suficiente se decidi\u00f3 desmontar el encerado cl\u00e1sico de tiza y se dej\u00f3 la PDI y una pizarra veleda al lado. A sugerencia de la Consejer\u00eda se adquirieron pizarras de la marca <a href=\"http:\/\/blog.xare.es\/wp-content\/sb640ctf.jpg\" target=\"_blank\">SmarBoard<\/a>. Se trata de un modelo que dispone en su base de cuatro l\u00e1pices digitales (negro, rojo, verde y azul) y un borrador. Esto facilita un uso m\u00e1s intuitivo por parte del alumno que s\u00f3lo tiene que levantar el l\u00e1piz correspondiente para realizar trazos en ese color o el borrador para eliminarlos. Como se trata de una pizarra electromagn\u00e9tica tambi\u00e9n admite que se utilice el dedo en lugar de los punteros.La pr\u00e1ctica de uso ha demostrado que aunque no es tan precisa como otros modelos de pizarras la experiencia de usuario es buena. Con la pizarra tambi\u00e9n se adquirieron los altavoces que permitieron disponer de una calidad de audio excelente. Como no dispon\u00edamos de presupuesto para ello se reutilizaron los proyectores que hab\u00edamos recibido hace a\u00f1os en la dotaci\u00f3n de centros de uso avanzado en las TIC. Concretamente se instalaron los <a href=\"http:\/\/www.audiotronics.es\/images\/products\/500_031936_1.jpg\" target=\"_blank\">proyectores EPSON<\/a>. Se fijaron con soportes de techo adquiridos a m\u00f3dico precio en una empresa de M\u00e1laga (<a href=\"http:\/\/www.proyectorbarato.com\" target=\"_blank\">Proyector Barato<\/a>). En la mesa del profesor se fij\u00f3 un ordenador port\u00e1til <a href=\"http:\/\/hardwarezones.com\/images\/IBM%20Thinkpad%20X41%20Notebook.jpg\" target=\"_blank\">IBM ThinPad <\/a>que habiamos recibido hace tiempo en el centro a ra\u00edz de la dotaci\u00f3n de uso avanzado. La instalaci\u00f3n el\u00e9ctrica y de canalizaci\u00f3n fueron encargadas a <a href=\"http:\/\/www.conelet.com\/\" target=\"_blank\">Conelet-Gij\u00f3n<\/a> con fondos del colegio. El acceso a internet del equipo del profesor funcion\u00f3 todo el curso v\u00eda WIFI aunque a finales de curso la Consejer\u00eda, a trav\u00e9s de Sermicro, instal\u00f3 un punto de acceso por cable.<\/p>\n<p><img loading=\"lazy\" decoding=\"async\" class=\"alignnone size-full wp-image-85\" title=\"memo3\" src=\"http:\/\/canaltic.com\/blog\/wp-content\/uploads\/2010\/07\/memo3.jpg\" alt=\"\" width=\"400\" height=\"180\" srcset=\"https:\/\/canaltic.com\/blog\/wp-content\/uploads\/2010\/07\/memo3.jpg 400w, https:\/\/canaltic.com\/blog\/wp-content\/uploads\/2010\/07\/memo3-300x135.jpg 300w\" sizes=\"auto, (max-width: 400px) 100vw, 400px\" \/><\/p>\n<p><strong>El punto WIFI en el Aula<\/strong><br \/>\nPara reforzar la conexi\u00f3n WIFI del centro desde la Consejer\u00eda se gestion\u00f3 que el CGSI-Direcci\u00f3n General de Inform\u00e1tica, a trav\u00e9s de la empresa SerMicro, instalase sendos puntos WIFI en las aulas de 5\u00ba nivel. Se trata del modelo <a href=\"http:\/\/www.digitalsaonline.co.za\/catalog\/images\/NE-DWL3500AP.png\" target=\"_blank\">DLink DWL 3500 AP<\/a> con dos antenas. Cada punto result\u00f3 suficiente para dar salida a Internet a los equipos del alumnado de un grupo clase.<\/p>\n<p><strong>El miniport\u00e1til del alumno<\/strong><br \/>\nLas caracter\u00edsticas del miniport\u00e1til utilizado fueron: <a href=\"http:\/\/itvoir.com\/portal\/boxx\/modules\/blogs\/Piczoom.asp?type=blog&amp;id=10142\" target=\"_blank\">modelo Toshiba NB200<\/a>, procesador Atom N270, RAM 1GB, disco duro de 160 GB, pantalla 1024&#215;600 p\u00edxeles (10,2 pulgadas), conexi\u00f3n WIFI a red y garant\u00eda de aver\u00edas (3 a\u00f1os). En principio parec\u00edan un poco fr\u00e1giles para el alumnado frente a otros equipos m\u00e1s robustos de tipo <a href=\"http:\/\/www.educatico.ed.cr\/ProyectosProgramas\/Classmate\/intel_classmate.jpg\" target=\"_blank\">Intel Classmate<\/a>. Sin embargo no hubo casos de roturas por ca\u00edda. Se dieron algunos problemas con alguna tecla que saltaba y poco m\u00e1s. Los equipos y todos sus accesorios (fuente de alimentaci\u00f3n, rat\u00f3n, alfombrilla, cable el\u00e9ctrico, funda protectora de neopreno, etc) fueron etiquetados con un n\u00famero para asignar inequivocamente un equipamiento completo a cada alumno\/a. Los tutores y profesores especialistas tambi\u00e9n dispusieron de un equipo con una instalaci\u00f3n y configuraci\u00f3n de programas id\u00e9nticos al equipo del alumno. De esta forma pod\u00edan preparar las clases.<\/p>\n<p>Al principio el alumnado manejaba un minirat\u00f3n USB. Se opt\u00f3 por el modelo <a rel=\"\u201dlightbox\u201d\" href=\"http:\/\/sysme.net\/img_online\/723-0463-00261.jpg\">NGS VIP Black Mouse<\/a> por tratarse de un rat\u00f3n \u00f3ptico y de precio asequible. Sin embargo el reducido tama\u00f1o de la mesa de trabajo del alumno y la fragilidad de este rat\u00f3n enseguida produjo que se cayeran con frecuencia al suelo y un n\u00famero considerable dejaron de funcionar. Si a ello unimos el consumo adicional de energ\u00eda el\u00e9ctrica de la bater\u00eda del port\u00e1til, en poco tiempo se decidi\u00f3 no utilizar el rat\u00f3n y en su lugar se propuso aprovechar el dispositivo touchpad integrado en el miniport\u00e1til. El alumnado se familiariz\u00f3 con su uso en dos\/tres d\u00edas.<\/p>\n<p>Los miniport\u00e1tiles aunque dispon\u00edan de arranque dual (Windows\/Ubuntu) se utiliz\u00f3 Windows XP por defecto. Se comprob\u00f3 que hab\u00eda algunos programas que necesitaban de una resoluci\u00f3n m\u00ednima de 1024&#215;800 para funcionar. Los miniport\u00e1tiles disponen de monitores de 10,2 pulgadas con una resoluci\u00f3n de 1024&#215;600. Se trataba de programas que antes de iniciarse chequeaban la resoluci\u00f3n y no se mostraban cuando detectaban una inferior. Esto s\u00f3lo ocurri\u00f3 con unos pocos programas que fueron sustituidos r\u00e1pidamente por otras alternativas. La elecci\u00f3n de port\u00e1tiles de mayor tama\u00f1o de pantalla hubiera incrementado el peso del equipo y sobre todo el precio. El alumnado con deficiencias visuales utilizaron sin dificultades estos equipos. Se incorpor\u00f3 un programa de magnificaci\u00f3n del escritorio (lupa) para resolver posibles limitaciones de visualizaci\u00f3n aunque no se utiliz\u00f3 demasiado. Para compensar el d\u00e9ficit de altura de la pantalla se configur\u00f3 la barra de tareas del escritorio de Windows para que se ocultase autom\u00e1ticamente y tambi\u00e9n en ocasiones se utiliz\u00f3 el navegador web (Firefox) a pantalla completa mediante la pulsaci\u00f3n de la tecla F11.<\/p>\n<p>El equipo del alumno funcion\u00f3 bastante bien en todas las tareas planteadas. Un poco lento en algunos procesos al disponer de un disco duro de 5400 rpm pensado para ahorrar bater\u00eda. Tampoco conven\u00eda abrir simult\u00e1neamente muchos programas debido a su limitada memoria RAM. La bater\u00eda de 3 celdas soportaba entre 2 y 3 horas de funcionamiento real autonomo. Esta circunstancia obligaba a planificar a diario los momentos de carga en el armario de alimentaci\u00f3n el\u00e9ctrica.<\/p>\n<p>Se adquiri\u00f3 un armario de custodia y carga el\u00e9ctrica de los equipos con capacidad para 32 miniport\u00e1tiles. Este armario se ubic\u00f3 en un espacio custodiado y com\u00fan a ambos grupos de 5\u00ba.<\/p>\n<p>En cuanto a la garant\u00eda de mantenimiento del equipo se suscribi\u00f3 con Toshiba (a trav\u00e9s de Iecisa-El Corte Ingl\u00e9s) una cobertura de aver\u00edas durante 3 a\u00f1os. Esta garant\u00eda incluye la recogida in situ del equipo y su reparaci\u00f3n en un plazo inferior a 15 d\u00edas. Incluyendo su sustituci\u00f3n por otro equipo durante el tiempo que dure la aver\u00eda. No obstante en el centro disponemos de 2 ordenadores adicionales para solventar de forma r\u00e1pida estas incidencias. No se produjeron incidencias de funcionamiento en ning\u00fan equipo. En cuanto al seguro de accidentes de los ordenadores se comprob\u00f3 que el seguro general de centros cubr\u00eda al menos a nivel te\u00f3rico los accidentes producidos dentro del recinto escolar. Sin embargo fuera del centro no cubr\u00eda ning\u00fan incidente. Se pidi\u00f3 presupuesto a una compa\u00f1\u00eda aseguradora para abarcar estas situaciones pero el presupuesto anual sobrepasaba el importe de 2 equipos. Como el riesgo asumido no parec\u00eda superior a 2 ordenadores, se opt\u00f3 por no suscribir esa p\u00f3liza de seguro. No hubo ninguna incidencia en este sentido.<\/p>\n<p><img loading=\"lazy\" decoding=\"async\" class=\"alignnone size-full wp-image-84\" title=\"memo2\" src=\"http:\/\/canaltic.com\/blog\/wp-content\/uploads\/2010\/07\/memo2.jpg\" alt=\"\" width=\"400\" height=\"180\" srcset=\"https:\/\/canaltic.com\/blog\/wp-content\/uploads\/2010\/07\/memo2.jpg 400w, https:\/\/canaltic.com\/blog\/wp-content\/uploads\/2010\/07\/memo2-300x135.jpg 300w\" sizes=\"auto, (max-width: 400px) 100vw, 400px\" \/><\/p>\n<p><strong>Conexi\u00f3n a internet en el centro<\/strong><br \/>\nLa conexi\u00f3n a internet en el centro a trav\u00e9s de la ADSL corporativa resultaba claramente insuficiente desde hace a\u00f1os. Para afrontar la salida a internet de un mayor n\u00famero de equipos y ante la falta de respuesta institucional se decidi\u00f3 contratar una l\u00ednea ADSL particular. Se acord\u00f3 instalar una l\u00ednea con la empresa <a href=\"http:\/\/www.telecable.es\" target=\"_blank\">Telecable<\/a> de 20 MB con el alta gratis y una cuota anual de 600 euros aprox. Se valoraron otras empresas de telefon\u00eda con ofertas similares pero se opt\u00f3 por Telecable por tratarse de una empresa asturiana y porque ya dispon\u00edamos de una preinstalaci\u00f3n anterior. Al disponer de dos l\u00edneas ADSL se opt\u00f3 por mantener la IP XXX.XXX.XXX.254 para el router de la ADSL corporativa y se asign\u00f3 al router de la ADSL contratada la IP XXX.XXX.XXX.253. A continuaci\u00f3n se asign\u00f3 una IP fija a cada equipo del centro para definir como puerta de enlace la IP de un router o de otro en funci\u00f3n de por d\u00f3nde quisieramos que saliera a internet. Utilizando este sistema se colgaron todos los equipos miniport\u00e1tiles y los tabletPC de la ADSL contratada. El resto de ordenadores del centro (profesores, aula modelo, etc) se configuraron para salir a Internet por la ADSL corporativa.<\/p>\n<p><strong>Conexi\u00f3n a internet en el domicilio familiar<\/strong><br \/>\nLa mayor\u00eda de familias (80%) dispon\u00edan de conexi\u00f3n a internet en sus domicilios. Al alumnado fue necesario instruirlo en el procedimiento para configurar la tarjeta de red inal\u00e1mbrica en sus casas. Se propuso definir la configuraci\u00f3n autom\u00e1tica de IP y DNS. Otra propuesta fue utilizar un cable RJ45 para conectarse utilizando la tarjeta de red por cable. Algunas familias no dispon\u00edan de acceso a internet. Se contempl\u00f3 la posibilidad de que estos alumnos asistiesen a la biblioteca por las tardes con sus equipos para utilizar la conexi\u00f3n WIFI disponible en este espacio. Sin embargo en algunos casos por lejan\u00eda del domicilio familiar o coincidencia de horarios con otras actividades no era posible que el alumno\/a asistiese a la biblioteca. Se tienen noticias de que el MEC ha suscrito un acuerdo con Telef\u00f3nica para ofrecer tarifas-deberes de conexi\u00f3n a internet en una banda horaria adecuada (por las tardes) a precios razonables (10 euros\/mensuales aprox.). De confirmarse este hecho, si todas las familias se suscriben a estos planes, cuando todos los alumnos dispongan de internet en sus hogares se podr\u00e1n afrontar actividades para casa que utilicen este acceso. Sin embargo mientras esto no ocurra se decidi\u00f3 no asignar tareas que supongan el uso de Internet. Todas los trabajos deber\u00edan resolverse utilizando recursos locales del ordenador.<\/p>\n<p><strong>Software de los equipos<\/strong><br \/>\nSe prepar\u00f3 un equipo con todos los programas instalados. En el siguiente art\u00edculo se especifican los detalles del software que se instal\u00f3 en los port\u00e1tiles del alumnado (<a href=\"http:\/\/canaltic.com\/blog\/?p=69\" target=\"_blank\">http:\/\/canaltic.com\/blog\/?p=69<\/a>). La experiencia acumulada de cursos anteriores contribuy\u00f3 a disponer de un cat\u00e1logo de software de calidad y adecuado al alumnado que nos ocupa. En la medida de lo posible se opt\u00f3 por software libre. Algunos ejemplos de los programas instalados:<\/p>\n<ul>\n<li> Ofimatica: Abiword y OpenOffice.<\/li>\n<li> Internet: Mozilla Firefox.<\/li>\n<li> Imagen: GIMP, Irfanview, FastStone Capture y ArtRage.<\/li>\n<li> Enciclopedias y Atlas: Encarta y Google Earth.<\/li>\n<li> Audio y v\u00eddeo: Audacity, PhotoStory y VLC Media Player.<\/li>\n<li> Utilidades: Deep Freeze (congelador) y Virtual Magnyfing (lupa).<\/li>\n<li> Educativos: Mecanet (mecanograf\u00eda), Freemind (esquemas), Geogebra (geometr\u00eda), paquetes de JClic, Aventuras gr\u00e1ficas de SM, etc.<\/li>\n<\/ul>\n<p>Como programas comerciales se incluyeron la Encarta 2009 y el congelador Deep Freeze cuyas licencias fueron proporcionadas por la Consejer\u00eda de Educaci\u00f3n. En el caso de la Encarta 2009 era una herramienta especialmente \u00fatil para realizar trabajos de documentaci\u00f3n e investigaci\u00f3n en los domicilios familiares. Su inclusi\u00f3n est\u00e1 justificada porque permit\u00eda paliar la situaci\u00f3n de que los trabajos asignados para casa no pudieran utilizar internet.<\/p>\n<p><a href=\"http:\/\/www.faronics.com\/es\/Products\/DeepFreeze\/DeepFreezeEducation.aspx\" target=\"_blank\">Deep Freeze<\/a> es la opci\u00f3n de programa congelador que se utiliz\u00f3 por su facilidad y robustez. Una vez instalado este software se congelaba la partici\u00f3n C de sistema lo cual aseguraba que el equipo se reiniciara siempre en las mismas condiciones garantizando la estabilidad del mismo frente a cambios no deseados por parte de los usuarios. La carpeta Mis documentos se redirig\u00eda a la partici\u00f3n D de datos donde al no estar congelada permit\u00eda que el usuario guardase los documentos creados. En el sistema se cancelaron todas las actualizaciones de los programas instalados para evitar el consumo de ancho de banda con las cont\u00ednuas actualizaciones autom\u00e1ticas y ocultas. Al reiniciar el equipo estas actualizaciones se perd\u00edan debido a la congelaci\u00f3n por lo que resultaba poco \u00fatil permitirlas.<\/p>\n<p>No se instal\u00f3 antivirus para aligerar el funcionamiento del equipo y porque con la congelaci\u00f3n no parec\u00eda necesario. No obstante se instal\u00f3 el programa Ninja Pendrive que elimina los principales troyanos que pudieran entrar a trav\u00e9s de las memorias USB.<\/p>\n<p>Como filtros de contenidos web a trav\u00e9s de la ADSL comercial se utiliz\u00f3 el servicio de filtro gratuito <a href=\"http:\/\/www.opendns.com\/\" target=\"_blank\">OpenDNS<\/a> y en el navegador web Mozilla Firefox se instal\u00f3 el <a href=\"https:\/\/addons.mozilla.org\/es-ES\/firefox\/addon\/1803\" target=\"_blank\">plugin de filtro ProCon<\/a><\/p>\n<p>Tambi\u00e9n se utiliz\u00f3 un programa comercial de coste reducido como <a href=\"http:\/\/www.ograhl.com\/en\/pdfannotator\/\" target=\"_blank\">PDF Annotator<\/a> que permite escribir sobre una ficha PDF guardando las anotaciones en ese mismo archivo y visualizarlas utilizando el lector por defecto de PDFs: <a href=\"http:\/\/www.adobe.com\/es\/products\/reader\/\" target=\"_blank\">Adobe Reader<\/a>.<\/p>\n<p>A partir de un ordenador se gener\u00f3 una imagen del disco duro con el <a href=\"http:\/\/www.symantec.com\/es\/es\/index.jsp\" target=\"_blank\">programa Ghost<\/a> y se prepar\u00e1 una memoria USB de autoarranque con la instalaci\u00f3n de todo el sistema. De esta forma se puede recuperar la partici\u00f3n C de sistema y\/o la D de datos en pocos minutos a partir de este USB de recuperaci\u00f3n. La instalaci\u00f3n de nuevos programas se aplazar\u00eda hasta el proceso de clonaci\u00f3n que con car\u00e1cter anual se realizar\u00eda a principio de cada curso. Para casos puntuales se podr\u00eda instalar la versi\u00f3n portable de un nuevo programa en la partici\u00f3n D. Otra opci\u00f3n ser\u00eda descongelar temporalmente el equipo para instalar ese nuevo software.<\/p>\n<p><img loading=\"lazy\" decoding=\"async\" class=\"alignnone size-full wp-image-86\" title=\"memo4\" src=\"http:\/\/canaltic.com\/blog\/wp-content\/uploads\/2010\/07\/memo4.jpg\" alt=\"\" width=\"400\" height=\"180\" srcset=\"https:\/\/canaltic.com\/blog\/wp-content\/uploads\/2010\/07\/memo4.jpg 400w, https:\/\/canaltic.com\/blog\/wp-content\/uploads\/2010\/07\/memo4-300x135.jpg 300w\" sizes=\"auto, (max-width: 400px) 100vw, 400px\" \/><\/p>\n<p><strong>Recursos digitales<\/strong><br \/>\nEn el trabajo con el alumnado se utilizaron multimedias interactivos alojados en <a href=\"http:\/\/www.proyectoagrega.es\/default\/Inicio\" target=\"_blank\">AGREGA<\/a>, recursos de otras p\u00e1ginas web, programas instalables proporcionados por el ITE-MEC, multimedias procedentes de otras entidades, materiales aportados por las editoriales ( aventuras gr\u00e1ficas, multimedias, fichas de trabajo en formato DOC y PDF), etc.<\/p>\n<p>El sitio web del colegio: <a href=\"http:\/\/cpevaristovalle.com\" target=\"_blank\">http:\/\/cpevaristovalle.com<\/a> se hab\u00eda definido como la p\u00e1gina de inicio del navegador web en los equipos del alumnado. Desde este espacio es posible acceder a las agendas de trabajo en el Aula Virtual; los blogs La Gaceta y el Mirador del Evaristo; el chat del colegio; la galer\u00eda de fotos; el correo electr\u00f3nico; y la agenda de enlaces a sitios web interesantes clasificados por \u00e1reas.<\/p>\n<p>Se form\u00f3 una comunidad educativa en Google en virtud de la cual el profesorado y el alumnado de 5\u00ba de Primaria dispon\u00eda de cuenta gmail con una capacidad de m\u00e1s de 7 GB y acceso a la edici\u00f3n colaborativa de documentos en Google Docs.<\/p>\n<p>Los enlaces a las p\u00e1ginas web educativas susceptibles de explotaci\u00f3n did\u00e1ctica se gestionaron en el apartado \u00ab<a href=\"http:\/\/cpevaristovalle.com\/portal\/index.php?option=com_weblinks&amp;catid=25&amp;Itemid=73\" target=\"_blank\">Agenda de enlaces<\/a>\u00bb del portal educativo del centro en el \u00e1rea de Alumnado . Con ello se facilitaba su posterior actualizaci\u00f3n y difusi\u00f3n al alumnado.<\/p>\n<p>En la Pizarra Digital se utiliz\u00f3 con cierta frecuencia la versi\u00f3n digital del libro del alumno\/a de la <a href=\"http:\/\/www.smlir.com\" target=\"_blank\">editorial SM<\/a>. Al proyectarlo sobre la PDI y poder utilizar sus herramientas de anotaci\u00f3n, se agilizaba de forma considerable la correcci\u00f3n de los ejercicios del libro.<\/p>\n<p><strong>Metodolog\u00eda<\/strong><br \/>\nUna vez superadas las fases de la configuraci\u00f3n\/instalaci\u00f3n de los equipos, mejora de la conectividad a Internet y montaje del aula digital, el siguiente paso, m\u00e1s genuinamente educativo, fue plantearse los contenidos y actividades a realizar con el alumnado en las distintas \u00e1reas curriculares. Esta reflexi\u00f3n concluy\u00f3 en el dise\u00f1o de un repertorio de 12-14 actividades a realizar en cada uno de los 15 temas de las \u00e1reas de lengua, matem\u00e1ticas y conocimiento del medio. Se trataba de encontrar actividades realizar en cada tema que fueran en sinton\u00eda con los contenidos tratados en el mismo. A modo de ejemplo se expone la planificaci\u00f3n de tareas con TIC a realizar en el tema 2 de Lengua Castellana durante la primera quincena de octubre:<\/p>\n<ol>\n<li> Una an\u00e9cdota. Elabora un documento de texto en Abiword donde expongas una an\u00e9cdota emocionante que te haya ocurrido. Utiliza este gui\u00f3n: \u00bfCu\u00e1nto te sucedi\u00f3? \u00bfQu\u00e9 te ocurri\u00f3?\u00bfD\u00f3nde estabas?\u00bfC\u00f3mo te sentiste?<\/li>\n<li> Sin\u00f3nimos.Utiliza el diccionario en l\u00ednea de la RAE para sustituir las palabras marcadas de un texto por sus sin\u00f3nimos. El texto se proporciona en un documento.<\/li>\n<li> Fichas de repaso, refuerzo y ampliaci\u00f3n.Completa una ficha de ampliaci\u00f3n sobre el tema (DOC)<\/li>\n<li> Dise\u00f1o de un anuncio en una diapositiva de presentaci\u00f3n. Se vende o alquila piso, se busca perro perdido, se ha extraviado algo, etc. Imprimir en papel y pinchar en el tabl\u00f3n.<\/li>\n<li> Publicaci\u00f3n en el blog del Mirador de la an\u00e9cdota.<\/li>\n<li> Esquema del tema. Elaboraci\u00f3n del mapa conceptual con Freemind.<\/li>\n<li> Actividades interactivas del tema en SM on line.<\/li>\n<li> Ficha de t\u00e9cnicas de estudio (PDF)<\/li>\n<li> Ficha de comprensi\u00f3n lectora (PDF)<\/li>\n<li> Visita del sitio web: <a href=\"http:\/\/nea.educastur.princast.es\/quixote\" target=\"_blank\">El caballero don Quijote<\/a><\/li>\n<li> Aventura gr\u00e1fica de SM-Lengua. Tema 1 y 2.<\/li>\n<li> Paquete de JClic sobre <a href=\"http:\/\/clic.xtec.cat\/db\/act_es.jsp?id=1278\" target=\"_blank\">Ant\u00f3nimos y Sin\u00f3nimos<\/a><\/li>\n<\/ol>\n<p>Desde un principio se apost\u00f3 por una inmersi\u00f3n tecnol\u00f3gica del 50% aprox. combinando el uso del ordenador con el libro y la libreta. Como norma general se utilizaba el ordenador entre 2-3 horas diarias y el formato impreso tambi\u00e9n 2-3 horas al d\u00eda. Las actividades que se realizaban en libro y libreta no se replicaban en el ordenador y viceversa. Este enfoque se adopt\u00f3 por prudencia frente al posible futuro del alumnado a lo largo de su escolaridad obligatoria.<\/p>\n<p>La incorporaci\u00f3n de los miniport\u00e1tiles al trabajo diario comenz\u00f3 en octubre y se realiz\u00f3 de forma progresiva. La primera semana se empez\u00f3 con una hora diaria en d\u00edas alternos. La segunda y tercera semana se pas\u00f3 a una hora diaria. A partir de la cuarta y quinta semana ya se utilizan 2 horas en d\u00edas alternos y 1 hora el resto. En la sexta semana se pas\u00f3 a un r\u00e9gimen de uso definitivo de 2-3 horas diarias. Esta estrategia de transici\u00f3n permiti\u00f3 comprobar el funcionamiento del equipamiento y adaptar sin crispaciones las rutinas de trabajo de profesorado y alumnado.<\/p>\n<p>Entre las actividades propuestas con el ordenador se plante\u00f3 el uso de multimedias educativos interactivos. Sin embargo la mayor parte del tiempo se destin\u00f3 a que el alumnado construyera objetos utilizando programas de generaci\u00f3n de contenidos locales y en l\u00ednea: elaborar documentos de investigaci\u00f3n, dise\u00f1ar presentaciones, confeccionar tablas de datos y gr\u00e1ficos, crear un mapa conceptual a modo de resumen, completar un cuestionario o esquema de preguntas buscando informaci\u00f3n en internet (webquest), elaborar una presentaci\u00f3n de fotos, geolocalizar fotos en GMaps, grabar una locuci\u00f3n de audio, ordenar eventos en una l\u00ednea de tiempo,etc.<\/p>\n<p><strong>Formaci\u00f3n del profesorado<\/strong><br \/>\nEl proyecto Escuela 2.0 no introduce grandes novedades en la formaci\u00f3n del profesorado. Simplemente pone de manifiesto los logros y deficiencias de iniciativas de formaci\u00f3n anteriores. Demanda la adquisi\u00f3n de competencias por parte del profesorado en relaci\u00f3n con la organizaci\u00f3n y puesta en pr\u00e1ctica de recursos multimedia interactivos, el uso educativo de blogs, google apps, pizarras digitales, ofim\u00e1tica escolar, etc.<\/p>\n<p>En el centro se organiz\u00f3 un seminario de formaci\u00f3n dirigido por el coordinador TIC para trabajar los siguientes temas: recopilaci\u00f3n de recursos multimedia y web para la ense\u00f1anza y aprendizaje del alumnado en las distintas \u00e1reas curriculares; propuestas de trabajo con el procesador de textos, el generador de presentaciones, hoja de c\u00e1lculo para gr\u00e1ficos estad\u00edsticos, mapas conceptuales y tratamiento de im\u00e1genes; experiencias did\u00e1cticas con la Pizarra Digital Interactiva Smartboard; uso educativo de los blogs; aprovechamiento did\u00e1ctico de los recursos Web 2.0; revisi\u00f3n de las variables organizativas y metodol\u00f3gicas del proyecto; etc.<\/p>\n<p>Este seminario de formaci\u00f3n en centros tuvo una duraci\u00f3n de 8 sesiones de 2 h y media distruidas a lo largo del primer y segundo trimestre.\u00a0 En \u00e9l participaron todos los profesores\/as del colegio. La documentaci\u00f3n de apoyo se puso a disposici\u00f3n del profesorado en la intranet del centro.<\/p>\n<p><strong>Pr\u00e9stamo del equipo al alumno\/a<\/strong><br \/>\nDesde el momento en que se decide que los alumnos\/as puedan llevar el ordenador para casa, se hac\u00eda necesaria la implicaci\u00f3n y colaboraci\u00f3n familiar. Esta acci\u00f3n se present\u00f3 como un pr\u00e9stamo que el centro (propietario del ordenador) realizaba al alumno\/a (beneficiario del uso).<\/p>\n<p>Lo que m\u00e1s preocupaba al principio a los padres era el traslado del ordenador desde el colegio al domicilio y viceversa. Algunos alumnos de quinto nivel ya asist\u00edan al centro solos, bien por proximidad del domicilio familiar al centro o por autonom\u00eda personal o por necesidad. En cualquiera de los casos despertaba inquietud el hecho de las m\u00faltiples incidencias que se pudieran producir en ese trayecto. Fue necesario habilitar un espacio de custodia de las mochilas en el centro para que aquellos alumnos\/as de 5\u00ba que se quedaban al comedor escolar y luego realizaban actividades extraescolares por la tarde. La recog\u00edan cuando se iban para casa.<\/p>\n<p>Los alumnos recibieron instrucciones de c\u00f3mo deb\u00edan transportar el ordenador en la mochila. Siempre dentro de la funda protectora de neopreno y en el centro de la mochila con libros por delante y libros por detr\u00e1s. Se detect\u00f3 un incremento considerable de la responsabilidad de todo el alumnado. Sobre todo la de los alumnos mas inquietos porque dejaron de arrastrar o golpear las mochilas por las escaleras. No se registr\u00f3 ning\u00fan deterioro en el transporte y los ordenadores fueron y vinieron al centro sin problemas.<\/p>\n<p>La conclusi\u00f3n m\u00e1s importante a la que llegamos en este aspecto es que la decisi\u00f3n de que los ordenadores se lleven o no a los domicilios familiares debe ser potestad del propio centro educativo en funci\u00f3n l\u00f3gicamente del nivel de estructuraci\u00f3n familiar general de sus alumnos. Si no es posible garantizar el pr\u00e9stamo normal de la mayor\u00eda de los equipos entonces no se puede poner en peligro su uso intensivo durante el horario lectivo. Precisamente porque este periodo lectivo es el de mayor uso de los medios por parte de los alumnos y en muchos casos hay quien puede entender que dado el nivel del alumnado de Educaci\u00f3n Primaria, el uso en los domicilios familiares es quiz\u00e1s anecd\u00f3tico o \u00ednfimo. Es decir: si no hay garant\u00edas de que los equipos puedan ir y volver sin incidentes, entonces debe optarse por no afrontar el pr\u00e9stamo. En nuestro centro se decidi\u00f3, no sin muchas dudas, que se realizase y \u00e9ste tuvo lugar sin problemas incluso teniendo en cuenta que ten\u00edamos tres\/cuatro alumnos de colectivos desfavorecidos.<\/p>\n<p>Se decidi\u00f3 que el alumnado llevase el ordenador a sus domicilios dos veces por semana: los mi\u00e9rcoles y los viernes. Siempre para realizar un trabajo con \u00e9l. Los mi\u00e9rcoles lo portaban sin la fuente de alimentaci\u00f3n y los viernes con ella en funci\u00f3n del tiempo estimado para realizar la tarea. Se pretend\u00eda una duraci\u00f3n mayor en la tarea asignada para el fin de semana. La fuente de alimentaci\u00f3n se extra\u00eda del armario de carga del centro dejando el cable de conexi\u00f3n el\u00e9ctrica (de la fuente al enchufe) en el armario porque era bastante dif\u00edcil extraerlo. Se compraron cables de conexi\u00f3n el\u00e9ctrica adicionales para usar la fuente en casa. En alguna ocasi\u00f3n un alumno no pudo terminar la tarea asignada por agotamiento de la bater\u00eda debido a que no empez\u00f3 realizando \u00e9sta.<\/p>\n<p>El pr\u00e9stamo del equipo era voluntario e implicaba la firma de un documento por parte de la familia y el alumno\/a aceptando y comprometi\u00e9ndose con unas condiciones definidas. A priori se plantearon alternativas de trabajo al pr\u00e9stamo: uso del ordenador propio en casa, llevar el trabajo en una memoria USB, s\u00f3lo en el centro, tareas paralelas en papel, etc. Sin embargo al final todas las familias asumieron el compromiso, condici\u00f3n indispensable para poder llevarse al ordenador a casa. Este documento era firmado por el director del centro, el padre\/madre\/tutor y por el propio alumno. En \u00e9l se especificaban las condiciones del pr\u00e9stamo en lo relativo a: responsabilidad en la custodia en el traslado del equipo al domicilio; uso del ordenador exclusivamente para las tareas acad\u00e9micas asignadas; evitar guardar contenidos inapropiados en su disco; no instalar nuevos programas velando por su correcto funcionamiento; devolverlo en la fecha y hora indicadas as\u00ed como la interrupci\u00f3n temporal o total en caso de incumplimiento. En cada contrato se referenciaba el n\u00famero de serie de todo el equipamiento entregado al alumno\/a.<\/p>\n<p><img loading=\"lazy\" decoding=\"async\" class=\"alignnone size-full wp-image-87\" title=\"memo5\" src=\"http:\/\/canaltic.com\/blog\/wp-content\/uploads\/2010\/07\/memo5.jpg\" alt=\"\" width=\"400\" height=\"180\" srcset=\"https:\/\/canaltic.com\/blog\/wp-content\/uploads\/2010\/07\/memo5.jpg 400w, https:\/\/canaltic.com\/blog\/wp-content\/uploads\/2010\/07\/memo5-300x135.jpg 300w\" sizes=\"auto, (max-width: 400px) 100vw, 400px\" \/><\/p>\n<p><strong>Difusi\u00f3n de la experiencia<\/strong><br \/>\nDurante este curso acad\u00e9mico el desarrollo de la experiencia piloto del colegio se ha presentado en distintos Centros de Profesores de Asturias: Oviedo, Avil\u00e9s, Langreo, Mieres y Cangas de On\u00eds. Tambi\u00e9n se present\u00f3 la experiencia a los medios de comunicaci\u00f3n cuando el Consejero de Educaci\u00f3n visit\u00f3 nuestro centro. El proyecto tambi\u00e9n se present\u00f3 en jornadas para profesores y asociaciones de padres y madres en lugares como Lugo, Madrid, Logro\u00f1o, Almagro, etc. A lo largo del a\u00f1o tambi\u00e9n se recibi\u00f3 en el colegio la visita de estudios de distintos grupos de profesores y asesores t\u00e9cnico-docentes con intenci\u00f3n de conocer los detalles de nuestro proyecto piloto. La inspectora de zona nos visit\u00f3 durante una ma\u00f1ana y estuvo en las aulas de 5\u00ba para experimentar in situ el desarrollo cotidiano del proyecto. Se atendieron m\u00faltiples llamadas telef\u00f3nicas y mensajes de correo electr\u00f3nico desde distintos centros educativos asturianos con preguntas y dudas relativas a esta iniciativa.<\/p>\n<p>En el blog de CanalTIC se publicaron algunos art\u00edculos sobre esta experiencia:<\/p>\n<ul>\n<li> <a href=\"ttp:\/\/canaltic.com\/blog\/?p=69\" target=\"_blank\">eduPC: distribuci\u00f3n de software para Escuela 2.0<\/a><\/li>\n<li><a href=\"http:\/\/canaltic.com\/blog\/?p=61\" target=\"_blank\">Escuela 2.0 en el CP Evaristo Valle<\/a><\/li>\n<li><a href=\"http:\/\/canaltic.com\/blog\/?p=59\" target=\"_blank\">Programa Escuela 2.0<\/a><\/li>\n<\/ul>\n<p><strong>Fin del curso acad\u00e9mico<\/strong><br \/>\nComo se hab\u00eda previsto en los pron\u00f3sticos m\u00e1s realistas, a finales del curso acad\u00e9mico llegaron al centro los miniport\u00e1tiles ACER que la Consejer\u00eda de Educaci\u00f3n enviaba con car\u00e1cter general a todos los alumnos de 5\u00ba de Primaria de Asturias. Como ya estabamos a finales de curso se siguieron usando los anteriores pero ajust\u00e1ndose a lo indicado en el <a href=\"http:\/\/www.asturias.es\/portal\/site\/Asturias\/menuitem.1003733838db7342ebc4e191100000f7\/?vgnextoid=d7d79d16b61ee010VgnVCM1000000100007fRCRD&amp;fecha=03\/06\/2010&amp;refArticulo=2010-12419&amp;i18n.http.lang=es\" target=\"_blank\">BOPA (Bolet\u00edn Oficial del Principado de Asturias)<\/a> se convoc\u00f3 una reuni\u00f3n de padres para firmar los contratos de responsabilidad en relaci\u00f3n con el nuevo equipamiento. Los ACER se utilizar\u00e1n a partir del pr\u00f3ximo curso acad\u00e9mico 2010-2011.<\/p>\n<p>Estos equipos se enviaban congelados y con una memoria USB con la imagen de recuperaci\u00f3n. En principio los responsables de la Consejer\u00eda no remitieron a los centros la contrase\u00f1a de descongelaci\u00f3n argumentando motivos de garant\u00edas. Al final imper\u00f3 el sentido com\u00fan y la comunicaron a los centros. De esta forma se pod\u00eda afrontar la instalaci\u00f3n de los programas que cada centro estimase conveniente utilizar con sus alumnos. Se evitaba con ello que desde los centros se tuviese que formatear los equipos para instalar un sistema m\u00e1s personalizado o tener que recurrir a las aplicaciones portables alojadas en la partici\u00f3n D de datos no congelada.<\/p>\n<p>Se recibieron tantos miniport\u00e1tiles ACER como alumnos teniamos matriculados en quinto nivel. De hecho un alumno\/a que se cambia a otro centro para el pr\u00f3ximo curso se llevar\u00e1 su port\u00e1til para su nuevo colegio. La dotaci\u00f3n realizada presenta tres deficiencias importantes: 1) No se ha proporcionado un ordenador de similares caracter\u00edsticas al profesorado que incide en esos alumnos. 2) Los alumnos repetidores de 6\u00ba se encontrar\u00e1n que no tienen ordenador al inicio del pr\u00f3ximo curso. 3) No se dispone de al menos un equipo para una sustituci\u00f3n r\u00e1pida en caso de aver\u00eda.<\/p>\n<p><strong>Evaluaci\u00f3n<\/strong><br \/>\nDurante el desarrollo de este proyecto piloto se realiz\u00f3 una evaluaci\u00f3n del mismo en Febrero y en Junio. El informe elaborado se integr\u00f3 en la Memoria General Anual del centro.<\/p>\n<p><strong>Conclusiones<\/strong><br \/>\nEl curso que finaliza fue denso en emociones y en decisiones. Nuestra principal motivaci\u00f3n como docentes es que aprendimos mucho lo cual siempre resulta enriquecedor. Y que nuestros alumnos\/as aprendieron todav\u00eda m\u00e1s desarrollando de una forma m\u00e1s rica sus competencias y sobre todo la competencia digital.<\/p>\n<p>Tras la experiencia de este curso se han alcanzado algunas conclusiones interesantes:<\/p>\n<ul>\n<li><strong>Equipo individual<\/strong>. La asignaci\u00f3n de un equipo a un alumno\/a incrementa su responsabilidad en el uso del material y permite una inmersi\u00f3n tecnol\u00f3gica plena al favorecer su utilizaci\u00f3n en cualquier momento sin salir del aula.<\/li>\n<li><strong>Propiedad del notebook<\/strong>. El equipo debe ser propiedad del centro y el alumno\/a podr\u00e1 utilizarlo en calidad de pr\u00e9stamo durante su estancia en el colegio. De esta forma se optimizar\u00e1 la inversi\u00f3n permitiendo reutilizar los equipos en futuras generaciones.<\/li>\n<li><strong>Pizarra digital interactiva<\/strong>. La integraci\u00f3n de la PDI se consigue m\u00e1s f\u00e1cil y plenamente si se instala fija dentro del aula.<\/li>\n<li><strong>Conexi\u00f3n a internet.<\/strong> Es imprescindible disponer en el centro de una conexi\u00f3n a internet con ancho de banda suficiente para realizar las tareas programadas con la Web 2.0<\/li>\n<li><strong>Internet en los domicilios familiares<\/strong>. Resulta muy interesante que las familias dispongan de acceso a internet en sus hogares. De esta forma se podr\u00e1n continuar en casa las tareas desarrolladas en el colegio. Mientras esto no sea factible habr\u00e1 que plantearse\u00a0 tareas en local con el ordenador.<\/li>\n<li><strong>Recursos educativos digitales<\/strong>. En la actualidad existen infinidad de recursos educativos digitales disponibles en Internet. Sin embargo se exige del profesorado un esfuerzo por organizar y secuenciar su uso en un proceso de revisi\u00f3n permanente y c\u00edclico.<\/li>\n<li><strong>Propuestas de trabajo. <\/strong>El esfuerzo institucional no debe seguir empe\u00f1\u00e1ndose en ofrecer al profesorado objetos de aprendizaje atomizados en repositorios con mecanismos de b\u00fasqueda m\u00e1s o menos eficientes. En su defecto se deben concentrar los esfuerzos en ofrecer agendas con propuestas de trabajo completas por temas en las distintas \u00e1reas del curr\u00edculo.<\/li>\n<li><strong>Congelaci\u00f3n del equipo<\/strong>. La congelaci\u00f3n del notebook resulta fundamental para garantizar la estabilidad del equipo en lo relativo a versiones del programa, actualizaciones, cambios no deseados producidos por el alumno y\/o familiares, etc. De lo contrario las incidencias t\u00e9cnicas no permitir\u00edan el normal desarrollo de las clases usando estos medios.<\/li>\n<li><strong>Metodolog\u00eda constructivista<\/strong>. Aunque se pueden utilizar multimedias educativos interactivos en ciertos momentos puntuales, la mayor parte del trabajo del alumnado con los port\u00e1tiles debe orientarse hacia la construcci\u00f3n de conocimiento mediante la elaboraci\u00f3n de trabajos utilizando software ofim\u00e1tico: procesador de textos, presentaciones, gr\u00e1ficos estad\u00edsticos, im\u00e1genes, mapas conceptuales, l\u00edneas de tiempo, proyectores de fotos, locuciones de audio, v\u00eddeos ilustrativos, etc.<\/li>\n<li><strong>Pr\u00e9stamo del notebook<\/strong>. La decisi\u00f3n de que el alumnado pueda llevarse el port\u00e1til para casa debe ser potestad del centro educativo en virtud del riesgo asumido seg\u00fan el nivel de estructuraci\u00f3n familiar de sus alumnos. En cualquier caso esta decisi\u00f3n no debe comprometer la posibilidad de que el alumno\/a lo utilice dentro del centro en el horario lectivo.<\/li>\n<\/ul>\n<p><img loading=\"lazy\" decoding=\"async\" class=\"alignnone size-full wp-image-88\" title=\"memo6\" src=\"http:\/\/canaltic.com\/blog\/wp-content\/uploads\/2010\/07\/memo6.jpg\" alt=\"\" width=\"400\" height=\"180\" srcset=\"https:\/\/canaltic.com\/blog\/wp-content\/uploads\/2010\/07\/memo6.jpg 400w, https:\/\/canaltic.com\/blog\/wp-content\/uploads\/2010\/07\/memo6-300x135.jpg 300w\" sizes=\"auto, (max-width: 400px) 100vw, 400px\" \/><\/p>\n<p><strong>\u00bfHacia d\u00f3nde vamos?<\/strong><br \/>\nPara el pr\u00f3ximo curso seguiremos apostando por el compromiso adquirido frente al alumnado y familias de 6\u00ba nivel. Nos hemos marcado como objetivo prioritario el dise\u00f1o de agendas de trabajo para el alumnado soportadas en la <a href=\"http:\/\/cpevaristovalle.com\/aula\/\" target=\"_blank\">plataforma de elearning Moodle<\/a>. Se tratar\u00eda de propuestas de trabajo organizadas por temas para las distintas \u00e1reas del curr\u00edculo. De esta forma aprovechar\u00edamos las prestaciones de organizaci\u00f3n de la informaci\u00f3n, seguimiento del alumnado y comunicaci\u00f3n que ofrece esta plataforma a la vez que se dispondr\u00eda de secuencias empaquetadas en formato SCORM susceptibles de exportaci\u00f3n y reutilizaci\u00f3n en otros centros.<\/p>\n<p>La crisis econ\u00f3mica actual y los recortes que sufrimos en m\u00faltiples facetas del \u00e1mbito educativo y profesional parecen amenazar la continuidad del programa Escuela 2.0 en futuras generaciones. El alumnado de 5\u00ba nivel del pr\u00f3ximo curso 2010-2011 no sabemos si dispondr\u00e1 de miniport\u00e1til y en caso afirmativo cu\u00e1ndo. Todav\u00eda m\u00e1s grave es la situaci\u00f3n de los alumnos repetidores de 6\u00ba para el curso que comienza. No\u00a0 disponen de ordenador port\u00e1til como sus compa\u00f1eros\/as que suben de 5\u00ba nivel acentuando con ello unas diferencias que veremos c\u00f3mo las afrontamos.<\/p>\n<p>El n\u00famero de equipos Toshiba de que disponemos del proyecto piloto no es suficiente para alcanzar el ratio de asignaci\u00f3n 1:1 (alumno:ordenador) en los nuevos grupos de 5\u00ba nivel. En este contexto y ante la falta de recursos econ\u00f3micos para adquirir m\u00e1s miniport\u00e1tiles quiz\u00e1s optemos por afrontar una asignaci\u00f3n compartida 2:1 entre un alumno de un grupo y un alumno del otro grupo por ordenador.<\/p>\n<p>Otra opci\u00f3n de viabilidad m\u00e1s realista es solicitar a las familias la adquisi\u00f3n de un notebook para su hijo\/a en el inicio de 4\u00ba nivel de Educaci\u00f3n Primaria en sustituci\u00f3n de los libros de texto. El precio de los miniport\u00e1tiles es similar al lote completo de libros de 4\u00ba o de 5\u00ba de Educaci\u00f3n Primaria. Estar\u00edamos hablando de 240 euros aprox.<\/p>\n<p>En el futuro y a nivel did\u00e1ctico se abren dos l\u00edneas de investigaci\u00f3n interesantes. Por un lado el an\u00e1lisis y puesta en pr\u00e1ctica de las posibilidades educativas de nuevas y distintas aplicaciones Web 2.0 desde una perspectiva constructiva del aprendizaje. Por otra es necesario una evaluaci\u00f3n rigurosa basada en las competencias b\u00e1sicas que permita\u00a0 establecer una valoraci\u00f3n cuantitativa y cualitativa de los efectos de la incorporaci\u00f3n de las TIC a los procesos de ense\u00f1anza y aprendizaje.<\/p>\n","protected":false},"excerpt":{"rendered":"<p>Al finalizar este curso acad\u00e9mico 2009-2010 se hace necesario echar la vista atr\u00e1s y repasar los detalles de lo que ha sido la puesta en pr\u00e1ctica durante este curso del proyecto piloto Escuela 2.0 en el Colegio de Educaci\u00f3n Primaria \u00abEvaristo Valle\u00bb de Gij\u00f3n (Asturias). Es el centro donde trabajo como tutor de un grupo [&hellip;]<\/p>\n","protected":false},"author":1,"featured_media":0,"comment_status":"open","ping_status":"open","sticky":false,"template":"","format":"standard","meta":{"footnotes":""},"categories":[8,40],"tags":[],"class_list":["post-82","post","type-post","status-publish","format-standard","hentry","category-didactica","category-opinion"],"_links":{"self":[{"href":"https:\/\/canaltic.com\/blog\/index.php?rest_route=\/wp\/v2\/posts\/82","targetHints":{"allow":["GET"]}}],"collection":[{"href":"https:\/\/canaltic.com\/blog\/index.php?rest_route=\/wp\/v2\/posts"}],"about":[{"href":"https:\/\/canaltic.com\/blog\/index.php?rest_route=\/wp\/v2\/types\/post"}],"author":[{"embeddable":true,"href":"https:\/\/canaltic.com\/blog\/index.php?rest_route=\/wp\/v2\/users\/1"}],"replies":[{"embeddable":true,"href":"https:\/\/canaltic.com\/blog\/index.php?rest_route=%2Fwp%2Fv2%2Fcomments&post=82"}],"version-history":[{"count":1,"href":"https:\/\/canaltic.com\/blog\/index.php?rest_route=\/wp\/v2\/posts\/82\/revisions"}],"predecessor-version":[{"id":2870,"href":"https:\/\/canaltic.com\/blog\/index.php?rest_route=\/wp\/v2\/posts\/82\/revisions\/2870"}],"wp:attachment":[{"href":"https:\/\/canaltic.com\/blog\/index.php?rest_route=%2Fwp%2Fv2%2Fmedia&parent=82"}],"wp:term":[{"taxonomy":"category","embeddable":true,"href":"https:\/\/canaltic.com\/blog\/index.php?rest_route=%2Fwp%2Fv2%2Fcategories&post=82"},{"taxonomy":"post_tag","embeddable":true,"href":"https:\/\/canaltic.com\/blog\/index.php?rest_route=%2Fwp%2Fv2%2Ftags&post=82"}],"curies":[{"name":"wp","href":"https:\/\/api.w.org\/{rel}","templated":true}]}}