{"id":61,"date":"2009-11-28T19:07:41","date_gmt":"2009-11-28T18:07:41","guid":{"rendered":"http:\/\/canaltic.com\/blog\/?p=61"},"modified":"2017-06-05T16:27:54","modified_gmt":"2017-06-05T15:27:54","slug":"escuela-20-en-el-cp-evaristo-valle","status":"publish","type":"post","link":"https:\/\/canaltic.com\/blog\/?p=61","title":{"rendered":"Escuela 2.0 en el CP Evaristo Valle"},"content":{"rendered":"<p>El <a title=\"CP Evaristo Valle de Gij\u00f3n\" href=\"http:\/\/cpevaristovalle.com\" target=\"_blank\">CP Evaristo Valle de Gij\u00f3n<\/a> ha sido seleccionado por la Consejer\u00eda de Educaci\u00f3n de Asturias para desarrollar un proyecto piloto del programa institucional \u00abEscuela 2.0\u00bb. Es el centro donde trabajo como tutor de un grupo de alumnos\/as de 5\u00ba nivel y como coordinador TIC. Desde septiembre del actual curso acad\u00e9mico 2009-2010, los alumnos de quinto del centro disponen de un miniportatil personal para utilizar en el trabajo cotidiano de las distintas \u00e1reas tanto dentro como fuera del colegio. El prop\u00f3sito de este proyecto es anticipar la experimentaci\u00f3n educativa necesaria a nivel de objetivos, contenidos, actividades, software, infraestructuras, materiales, metodolog\u00eda, evaluaci\u00f3n, etc. En esta presentaci\u00f3n se explican los detalles del mencionado proyecto.<\/p>\n<p><iframe loading=\"lazy\" src=\"\/\/www.slideshare.net\/slideshow\/embed_code\/key\/eG20Psw63rmUvq\" width=\"595\" height=\"485\" frameborder=\"0\" marginwidth=\"0\" marginheight=\"0\" scrolling=\"no\" style=\"border:1px solid #CCC; border-width:1px; margin-bottom:5px; max-width: 100%;\" allowfullscreen> <\/iframe> <\/p>\n<div style=\"margin-bottom:5px\"> <strong> <a href=\"\/\/www.slideshare.net\/fernandoposada\/escuela-20-2596149\" title=\"Escuela 2.0 en el CP Evaristo Valle de Gij\u00f3n\" target=\"_blank\">Escuela 2.0 en el CP Evaristo Valle de Gij\u00f3n<\/a> <\/strong> from <strong><a target=\"_blank\" href=\"\/\/www.slideshare.net\/fernandoposada\">fernandoposada<\/a><\/strong> <\/div>\n","protected":false},"excerpt":{"rendered":"<p>El CP Evaristo Valle de Gij\u00f3n ha sido seleccionado por la Consejer\u00eda de Educaci\u00f3n de Asturias para desarrollar un proyecto piloto del programa institucional \u00abEscuela 2.0\u00bb. Es el centro donde trabajo como tutor de un grupo de alumnos\/as de 5\u00ba nivel y como coordinador TIC. Desde septiembre del actual curso acad\u00e9mico 2009-2010, los alumnos de [&hellip;]<\/p>\n","protected":false},"author":1,"featured_media":0,"comment_status":"open","ping_status":"open","sticky":false,"template":"","format":"standard","meta":{"footnotes":""},"categories":[8],"tags":[],"class_list":["post-61","post","type-post","status-publish","format-standard","hentry","category-didactica"],"_links":{"self":[{"href":"https:\/\/canaltic.com\/blog\/index.php?rest_route=\/wp\/v2\/posts\/61","targetHints":{"allow":["GET"]}}],"collection":[{"href":"https:\/\/canaltic.com\/blog\/index.php?rest_route=\/wp\/v2\/posts"}],"about":[{"href":"https:\/\/canaltic.com\/blog\/index.php?rest_route=\/wp\/v2\/types\/post"}],"author":[{"embeddable":true,"href":"https:\/\/canaltic.com\/blog\/index.php?rest_route=\/wp\/v2\/users\/1"}],"replies":[{"embeddable":true,"href":"https:\/\/canaltic.com\/blog\/index.php?rest_route=%2Fwp%2Fv2%2Fcomments&post=61"}],"version-history":[{"count":3,"href":"https:\/\/canaltic.com\/blog\/index.php?rest_route=\/wp\/v2\/posts\/61\/revisions"}],"predecessor-version":[{"id":2444,"href":"https:\/\/canaltic.com\/blog\/index.php?rest_route=\/wp\/v2\/posts\/61\/revisions\/2444"}],"wp:attachment":[{"href":"https:\/\/canaltic.com\/blog\/index.php?rest_route=%2Fwp%2Fv2%2Fmedia&parent=61"}],"wp:term":[{"taxonomy":"category","embeddable":true,"href":"https:\/\/canaltic.com\/blog\/index.php?rest_route=%2Fwp%2Fv2%2Fcategories&post=61"},{"taxonomy":"post_tag","embeddable":true,"href":"https:\/\/canaltic.com\/blog\/index.php?rest_route=%2Fwp%2Fv2%2Ftags&post=61"}],"curies":[{"name":"wp","href":"https:\/\/api.w.org\/{rel}","templated":true}]}}