{"id":59,"date":"2009-10-13T22:00:21","date_gmt":"2009-10-13T21:00:21","guid":{"rendered":"http:\/\/canaltic.com\/blog\/?p=59"},"modified":"2017-06-05T16:28:05","modified_gmt":"2017-06-05T15:28:05","slug":"programa-escuela-20","status":"publish","type":"post","link":"https:\/\/canaltic.com\/blog\/?p=59","title":{"rendered":"Programa Escuela 2.0"},"content":{"rendered":"<p>El programa \u00ab<strong>Escuela 2.0<\/strong>\u00bb es un tema de candente actualidad en el entorno educativo. Desde que se propusiera en Mayo de 2009, el MEC y las Comunidades Aut\u00f3nomas han ido avanzando a distintas velocidades y con distintos criterios para desplegar su contenido. En la siguiente presentaci\u00f3n se exponen las l\u00edneas directrices b\u00e1sicas recogidas en el documento original elaborado por el MEC. Es una presentaci\u00f3n que he dise\u00f1ado como apoyo a sesiones informativas para profesorado y familias. Puede resultar \u00fatil para salir al paso de las informaciones sesgadas y contradictorias que en muchos casos nos llegan a trav\u00e9s de los medios de comunicaci\u00f3n. Su contenido est\u00e1 sujeto al desarrollo particular que en la pr\u00e1ctica cada Consejer\u00eda de Educaci\u00f3n realice en funci\u00f3n de sus competencias en su Comunidad Aut\u00f3noma.<br \/>\n<iframe loading=\"lazy\" src=\"\/\/www.slideshare.net\/slideshow\/embed_code\/key\/e50eaKK7FxpCiq\" width=\"595\" height=\"485\" frameborder=\"0\" marginwidth=\"0\" marginheight=\"0\" scrolling=\"no\" style=\"border:1px solid #CCC; border-width:1px; margin-bottom:5px; max-width: 100%;\" allowfullscreen> <\/iframe> <\/p>\n<div style=\"margin-bottom:5px\"> <strong> <a href=\"\/\/www.slideshare.net\/fernandoposada\/programa-escuela-20\" title=\"Programa Escuela 2.0\" target=\"_blank\">Programa Escuela 2.0<\/a> <\/strong> from <strong><a target=\"_blank\" href=\"\/\/www.slideshare.net\/fernandoposada\">fernandoposada<\/a><\/strong> <\/div>\n<p>Durante este curso 2009-2010 en mi centro (<a href=\"http:\/\/cpevaristovalle.com\" target=\"_self\">CP Evaristo Valle de Gij\u00f3n<\/a>) hemos iniciado un proyecto piloto de experimentaci\u00f3n del programa \u00abEscuela 2.0\u00bb. Con independencia de c\u00f3mo se concrete al final el modelo de distribuci\u00f3n y explotaci\u00f3n de este equipamiento en las distintas Comunidades Aut\u00f3nomas y en especial en Asturias, en nuestro centro ya disponemos de todo el material necesario para anticipar la experimentaci\u00f3n de aula. Tenemos por delante un curso acad\u00e9mico lleno de emociones y desaf\u00edos.<\/p>\n","protected":false},"excerpt":{"rendered":"<p>El programa \u00abEscuela 2.0\u00bb es un tema de candente actualidad en el entorno educativo. Desde que se propusiera en Mayo de 2009, el MEC y las Comunidades Aut\u00f3nomas han ido avanzando a distintas velocidades y con distintos criterios para desplegar su contenido. En la siguiente presentaci\u00f3n se exponen las l\u00edneas directrices b\u00e1sicas recogidas en el [&hellip;]<\/p>\n","protected":false},"author":1,"featured_media":0,"comment_status":"open","ping_status":"open","sticky":false,"template":"","format":"standard","meta":{"footnotes":""},"categories":[8],"tags":[],"class_list":["post-59","post","type-post","status-publish","format-standard","hentry","category-didactica"],"_links":{"self":[{"href":"https:\/\/canaltic.com\/blog\/index.php?rest_route=\/wp\/v2\/posts\/59","targetHints":{"allow":["GET"]}}],"collection":[{"href":"https:\/\/canaltic.com\/blog\/index.php?rest_route=\/wp\/v2\/posts"}],"about":[{"href":"https:\/\/canaltic.com\/blog\/index.php?rest_route=\/wp\/v2\/types\/post"}],"author":[{"embeddable":true,"href":"https:\/\/canaltic.com\/blog\/index.php?rest_route=\/wp\/v2\/users\/1"}],"replies":[{"embeddable":true,"href":"https:\/\/canaltic.com\/blog\/index.php?rest_route=%2Fwp%2Fv2%2Fcomments&post=59"}],"version-history":[{"count":3,"href":"https:\/\/canaltic.com\/blog\/index.php?rest_route=\/wp\/v2\/posts\/59\/revisions"}],"predecessor-version":[{"id":2442,"href":"https:\/\/canaltic.com\/blog\/index.php?rest_route=\/wp\/v2\/posts\/59\/revisions\/2442"}],"wp:attachment":[{"href":"https:\/\/canaltic.com\/blog\/index.php?rest_route=%2Fwp%2Fv2%2Fmedia&parent=59"}],"wp:term":[{"taxonomy":"category","embeddable":true,"href":"https:\/\/canaltic.com\/blog\/index.php?rest_route=%2Fwp%2Fv2%2Fcategories&post=59"},{"taxonomy":"post_tag","embeddable":true,"href":"https:\/\/canaltic.com\/blog\/index.php?rest_route=%2Fwp%2Fv2%2Ftags&post=59"}],"curies":[{"name":"wp","href":"https:\/\/api.w.org\/{rel}","templated":true}]}}